{"id":214,"date":"2019-09-22T18:30:04","date_gmt":"2019-09-22T16:30:04","guid":{"rendered":"https:\/\/holmestrand-baatforening.no\/?p=214"},"modified":"2019-09-22T18:30:04","modified_gmt":"2019-09-22T16:30:04","slug":"bat-opptak-2019","status":"publish","type":"post","link":"https:\/\/holmestrand-baatforening.no\/?p=214","title":{"rendered":"B\u00e5t opptak 2019"},"content":{"rendered":"\n<p>L\u00f8rdag 28 september er det f\u00f8rste b\u00e5t opptaket. <br>L\u00f8rdag 19 oktober er det andre b\u00e5t opptaket.<br><br>Rett til opplagsplass prioriteres p\u00e5 lik linje med tildelingsreglene for b\u00e5tplasser i Holmestrand<br>Maks b\u00e5t st\u00f8rrelse er 37 fot <br>F\u00f8rst til m\u00f8lla prinsippet gjelder fortsatt. Man m\u00e5 skrive seg p\u00e5 liste, listen blir st\u00e5ende inne p\u00e5 b\u00e5thuset. D\u00f8rene \u00e5pner kl. 07.00. (det er ingen som f\u00e5r skrevet seg p\u00e5 listen f\u00f8r det).<br>Betaling m\u00e5 skje f\u00f8r b\u00e5ten blir tatt opp. Betaling med kort eller Vipps.<br>Du vil f\u00e5 et gult skilt som navn og tlf nr. skal noteres p\u00e5 og festes lett synlig p\u00e5 b\u00e5ten\/krybba.<br>Det vil forekomme omrokeringer p\u00e5 listen for \u00e5 f\u00e5 plass til flest mulig b\u00e5ter. Ventetiden kan bli lang, s\u00e5 sm\u00f8r dere med t\u00e5lmodighet. Alle som skal opp forplikter seg til \u00e5 v\u00e6re tilgjengelige p\u00e5 kort varsel, da det plutselig kan bli din tur. <br>Sett av dagen<\/p>\n\n\n\n<p>Ps. Det er kaffe og varme \u00e5 f\u00e5 p\u00e5 b\u00e5thuset.<\/p>\n\n\n\n<p>Krybba m\u00e5 v\u00e6re i forsvarlig stand, og v\u00e6re klargjort n\u00e5r det er din tur, om ikke mister du din plass i k\u00f8en. Leca blokker er ikke tillatt.<\/p>\n\n\n\n<p>Alle b\u00e5ter blir spylt under vannlinjen, f\u00f8r de settes i krybba.<\/p>\n\n\n\n<p>NB. De som m\u00e5tte pr\u00f8ve \u00e5 sette opp sin b\u00e5t p\u00e5 egen h\u00e5nd f\u00f8r eller etter disse b\u00e5t opptakene, vil bli satt p\u00e5 vannet igjen for eiers regning.<\/p>\n","protected":false},"excerpt":{"rendered":"<p>L\u00f8rdag 28 september er det f\u00f8rste b\u00e5t opptaket. L\u00f8rdag 19 oktober er det andre b\u00e5t opptaket. Rett til opplagsplass prioriteres p\u00e5 lik linje med tildelingsreglene for b\u00e5tplasser i HolmestrandMaks b\u00e5t st\u00f8rrelse er 37 fot F\u00f8rst til m\u00f8lla prinsippet gjelder fortsatt. Man m\u00e5 skrive seg p\u00e5 liste, listen blir st\u00e5ende inne&hellip; <\/p>\n","protected":false},"author":2,"featured_media":0,"comment_status":"closed","ping_status":"closed","sticky":false,"template":"","format":"standard","meta":{"footnotes":""},"categories":[1],"tags":[],"class_list":["post-214","post","type-post","status-publish","format-standard","hentry","category-styret"],"_links":{"self":[{"href":"https:\/\/holmestrand-baatforening.no\/index.php?rest_route=\/wp\/v2\/posts\/214","targetHints":{"allow":["GET"]}}],"collection":[{"href":"https:\/\/holmestrand-baatforening.no\/index.php?rest_route=\/wp\/v2\/posts"}],"about":[{"href":"https:\/\/holmestrand-baatforening.no\/index.php?rest_route=\/wp\/v2\/types\/post"}],"author":[{"embeddable":true,"href":"https:\/\/holmestrand-baatforening.no\/index.php?rest_route=\/wp\/v2\/users\/2"}],"replies":[{"embeddable":true,"href":"https:\/\/holmestrand-baatforening.no\/index.php?rest_route=%2Fwp%2Fv2%2Fcomments&post=214"}],"version-history":[{"count":1,"href":"https:\/\/holmestrand-baatforening.no\/index.php?rest_route=\/wp\/v2\/posts\/214\/revisions"}],"predecessor-version":[{"id":215,"href":"https:\/\/holmestrand-baatforening.no\/index.php?rest_route=\/wp\/v2\/posts\/214\/revisions\/215"}],"wp:attachment":[{"href":"https:\/\/holmestrand-baatforening.no\/index.php?rest_route=%2Fwp%2Fv2%2Fmedia&parent=214"}],"wp:term":[{"taxonomy":"category","embeddable":true,"href":"https:\/\/holmestrand-baatforening.no\/index.php?rest_route=%2Fwp%2Fv2%2Fcategories&post=214"},{"taxonomy":"post_tag","embeddable":true,"href":"https:\/\/holmestrand-baatforening.no\/index.php?rest_route=%2Fwp%2Fv2%2Ftags&post=214"}],"curies":[{"name":"wp","href":"https:\/\/api.w.org\/{rel}","templated":true}]}}